{"id":957,"date":"2016-08-30T09:23:56","date_gmt":"2016-08-30T07:23:56","guid":{"rendered":"http:\/\/rv-kirrlach.com\/?p=957"},"modified":"2016-08-30T09:23:56","modified_gmt":"2016-08-30T07:23:56","slug":"deutsche-meisterschaft-berg-am-21-08-2016","status":"publish","type":"post","link":"https:\/\/rv-kirrlach.com\/?p=957","title":{"rendered":"Deutsche Meisterschaft Berg am 21.08.2016"},"content":{"rendered":"<p class=\"tm5 Normal\"><span class=\"tm6\">Es waren 8 Runden mit 45,2 km zu bew\u00e4ltigen.<\/span><\/p>\n<p class=\"tm5 Normal\"><span class=\"tm6\">F\u00fcr Alexander war die langfristige Vorbereitung f\u00fcr dieses Rennen gut. Die Vorbelastung mit einem kurzen Kriterium in Schkeuditz am Samstag vor der DM, wo er den 5. Platz belegte, war ideal.<\/span><\/p>\n<p class=\"tm5 Normal\"><span class=\"tm6\">Eigentlich war diese Bergmeisterschaft ein Rundstreckenrennen mit einer Steigung von 1,2 km und einer gef\u00e4hrlichen Abfahrt. Die Abfahrt war f\u00fcr das Rennen genauso entscheidend wie der Anstieg. Das Rennen wurde zusammen mit den Senioren 2 gestartet. Bereits in der ersten Runde wurde an der Steigung nach dem Start heftigst attackiert, so dass sich eine ca 20 Mann gro\u00dfe Gruppe vom Feld absetzte. Alexander hielt sich in der Gruppe, konnte aber letztendlich nicht alle Angriffe mitgehen. Im Glauben noch eine weitere Rund vor sich zu haben, verschlief er den &#8222;Schlusssprint&#8220; und verschenkte so noch einige Pl\u00e4tze. Durch diesen Fauxpas musste er sich mit dem 11. Platz begn\u00fcgen.<\/span><\/p>\n<p class=\"tm5 Normal\">Doch eine Woche sp\u00e4ter in Homburg bei den offenen Landesmeisterschaften SAR\/RLP im Bergzeitfahren zeigte Alexander sein K\u00f6nnen.<\/p>\n<p class=\"tm5 Normal\"><a href=\"https:\/\/rv-kirrlach.com\/wp-content\/uploads\/2016\/08\/135258.jpg\"><img loading=\"lazy\" decoding=\"async\" class=\"wp-image-960 size-thumbnail alignleft\" src=\"https:\/\/rv-kirrlach.com\/wp-content\/uploads\/2016\/08\/135258-150x150.jpg\" alt=\"135258\" width=\"150\" height=\"150\" \/><\/a><\/p>\n<p class=\"tm5 Normal\"><span class=\"tm6\">5,4 km und ca.190 Hm, strahlender Sonnenschein und kaum Wind.<\/span><\/p>\n<p class=\"tm5 Normal\"><span class=\"tm6\">Als Alex mit einer \u00fcberragenden Zeit von 10:36 durchs Ziel fuhr, war klar, dass nur noch der am Schuss startende Jochen Scheibler gef\u00e4hrlich werden konnte. Tats\u00e4chlich fuhr Jochen 6 Sekunden fr\u00fcher \u00fcber die Ziellinie und sicherte sich damit den ersten Platz.<\/span><\/p>\n<p class=\"tm5 Normal\">Ein toller 2. Platz! Gratulation!<\/p>\n<p class=\"tm5 Normal\">Das wichtigste: Wertvolle Punkte f\u00fcr die &#8222;Rose Weltrangliste&#8220;&#8230;. \ud83d\ude06<\/p>\n<p>&nbsp;<\/p>\n<p><em>-am- \/ -jl-<\/em><\/p>\n<p class=\"Normal\">\n","protected":false},"excerpt":{"rendered":"<p>Es waren 8 Runden mit 45,2 km zu bew\u00e4ltigen. F\u00fcr Alexander war die langfristige Vorbereitung f\u00fcr dieses Rennen gut. Die Vorbelastung mit einem kurzen Kriterium in Schkeuditz am Samstag vor der DM, wo er den 5. Platz belegte, war ideal. Eigentlich war diese Bergmeisterschaft ein Rundstreckenrennen mit einer Steigung von 1,2 km und einer gef\u00e4hrlichen &hellip; <\/p>\n<p><a class=\"more-link btn\" href=\"https:\/\/rv-kirrlach.com\/?p=957\">Weiterlesen<\/a><\/p>\n","protected":false},"author":1,"featured_media":0,"comment_status":"closed","ping_status":"open","sticky":false,"template":"","format":"standard","meta":{"footnotes":"","_links_to":"","_links_to_target":""},"categories":[3],"tags":[],"class_list":["post-957","post","type-post","status-publish","format-standard","hentry","category-rennberichte","item-wrap"],"_links":{"self":[{"href":"https:\/\/rv-kirrlach.com\/index.php?rest_route=\/wp\/v2\/posts\/957","targetHints":{"allow":["GET"]}}],"collection":[{"href":"https:\/\/rv-kirrlach.com\/index.php?rest_route=\/wp\/v2\/posts"}],"about":[{"href":"https:\/\/rv-kirrlach.com\/index.php?rest_route=\/wp\/v2\/types\/post"}],"author":[{"embeddable":true,"href":"https:\/\/rv-kirrlach.com\/index.php?rest_route=\/wp\/v2\/users\/1"}],"replies":[{"embeddable":true,"href":"https:\/\/rv-kirrlach.com\/index.php?rest_route=%2Fwp%2Fv2%2Fcomments&post=957"}],"version-history":[{"count":2,"href":"https:\/\/rv-kirrlach.com\/index.php?rest_route=\/wp\/v2\/posts\/957\/revisions"}],"predecessor-version":[{"id":961,"href":"https:\/\/rv-kirrlach.com\/index.php?rest_route=\/wp\/v2\/posts\/957\/revisions\/961"}],"wp:attachment":[{"href":"https:\/\/rv-kirrlach.com\/index.php?rest_route=%2Fwp%2Fv2%2Fmedia&parent=957"}],"wp:term":[{"taxonomy":"category","embeddable":true,"href":"https:\/\/rv-kirrlach.com\/index.php?rest_route=%2Fwp%2Fv2%2Fcategories&post=957"},{"taxonomy":"post_tag","embeddable":true,"href":"https:\/\/rv-kirrlach.com\/index.php?rest_route=%2Fwp%2Fv2%2Ftags&post=957"}],"curies":[{"name":"wp","href":"https:\/\/api.w.org\/{rel}","templated":true}]}}