{"id":929,"date":"2016-08-10T12:55:15","date_gmt":"2016-08-10T10:55:15","guid":{"rendered":"http:\/\/rv-kirrlach.com\/?p=929"},"modified":"2016-08-10T12:58:34","modified_gmt":"2016-08-10T10:58:34","slug":"paarzeitfahren-auf-der-rheinuferstrasse","status":"publish","type":"post","link":"https:\/\/rv-kirrlach.com\/?p=929","title":{"rendered":"Paarzeitfahren auf der Rheinuferstra\u00dfe"},"content":{"rendered":"<div class=\"foogallery foogallery-container foogallery-thumbnail foogallery-single-thumbnail foogallery-lightbox-foobox-free fg-left fg-thumbnail fg-ready fg-light fg-border-thin fg-shadow-outline fg-loading-default fg-loaded-fade-in fg-caption-hover fg-hover-slide-up fg-hover-zoom\" id=\"foogallery-gallery-928\" data-foogallery=\"{&quot;item&quot;:{&quot;showCaptionTitle&quot;:true,&quot;showCaptionDescription&quot;:true},&quot;lazy&quot;:true}\" style=\"--fg-title-line-clamp: 0; --fg-description-line-clamp: 0;\" >\n    <div class=\"fg-item fg-type-image fg-idle\"><figure class=\"fg-item-inner\"><a href=\"https:\/\/rv-kirrlach.com\/wp-content\/uploads\/2016\/08\/IMG_0927-Large.jpg\" data-attachment-id=\"925\" rel=\"lightbox[928]\" data-type=\"image\" class=\"fg-thumb\"><span class=\"fg-image-wrap\"><img decoding=\"async\" width=\"130\" height=\"120\" class=\"skip-lazy fg-image\" data-src-fg=\"https:\/\/rv-kirrlach.com\/wp-content\/uploads\/cache\/2016\/08\/IMG_0927-Large\/793085377.jpg\" src=\"data:image\/svg+xml,%3Csvg%20xmlns%3D%22http%3A%2F%2Fwww.w3.org%2F2000%2Fsvg%22%20width%3D%22130%22%20height%3D%22120%22%20viewBox%3D%220%200%20130%20120%22%3E%3C%2Fsvg%3E\" loading=\"eager\"><\/span><span class=\"fg-image-overlay\"><\/span><\/a><\/figure><div class=\"fg-loader\"><\/div><\/div>        <div class=\"fg-st-hidden\">\n        <div class=\"fg-item fg-type-image fg-idle\"><figure class=\"fg-item-inner\"><a href=\"https:\/\/rv-kirrlach.com\/wp-content\/uploads\/2016\/08\/IMG_1243-Large.jpg\" data-attachment-id=\"926\" rel=\"lightbox[928]\" data-type=\"image\" class=\"fg-thumb\"><span class=\"fg-image-wrap\"><img decoding=\"async\" width=\"130\" height=\"120\" class=\"skip-lazy fg-image\" data-src-fg=\"https:\/\/rv-kirrlach.com\/wp-content\/uploads\/cache\/2016\/08\/IMG_1243-Large\/3982208263.jpg\" src=\"data:image\/svg+xml,%3Csvg%20xmlns%3D%22http%3A%2F%2Fwww.w3.org%2F2000%2Fsvg%22%20width%3D%22130%22%20height%3D%22120%22%20viewBox%3D%220%200%20130%20120%22%3E%3C%2Fsvg%3E\" loading=\"eager\"><\/span><span class=\"fg-image-overlay\"><\/span><\/a><\/figure><div class=\"fg-loader\"><\/div><\/div><div class=\"fg-item fg-type-image fg-idle\"><figure class=\"fg-item-inner\"><a href=\"https:\/\/rv-kirrlach.com\/wp-content\/uploads\/2016\/08\/IMG_1245-Large.jpg\" data-attachment-id=\"927\" rel=\"lightbox[928]\" data-type=\"image\" class=\"fg-thumb\"><span class=\"fg-image-wrap\"><img decoding=\"async\" width=\"130\" height=\"120\" class=\"skip-lazy fg-image\" data-src-fg=\"https:\/\/rv-kirrlach.com\/wp-content\/uploads\/cache\/2016\/08\/IMG_1245-Large\/1832645753.jpg\" src=\"data:image\/svg+xml,%3Csvg%20xmlns%3D%22http%3A%2F%2Fwww.w3.org%2F2000%2Fsvg%22%20width%3D%22130%22%20height%3D%22120%22%20viewBox%3D%220%200%20130%20120%22%3E%3C%2Fsvg%3E\" loading=\"eager\"><\/span><span class=\"fg-image-overlay\"><\/span><\/a><\/figure><div class=\"fg-loader\"><\/div><\/div>    <\/div>\n<\/div>\n\n<p class=\"Normal\">Bereits am 28.07. nahmen Federico und Joachim an einer Trainingsveranstaltung des RSG Ried Rastatt e.V. teil. Auf der Rheinuferstra\u00dfe zwischen Iffezheim und Greffern wurde ein Paarzeitfahren \u00fcber 27 km veranstaltet. 40 Paare starteten ab 19:00 im Minutentakt zum Kampf gegen die Uhr. Bei diesem Trainingsrennen gewinnt nicht unbedingt das schnellste \u201ePaar\u201c. Durch ein ausgekl\u00fcgeltes \u201eBonus-Malus\u201c System erh\u00e4lt man Zeitgutschriften und -abz\u00fcge f\u00fcr Alter, Geschlecht und Lizenzstatus.<a href=\"http:\/\/www.rsg-ried-rastatt.de\/?page_id=1375\" target=\"_blank\">(&#8211;Reglement&#8211;)<\/a> Federico und Joachim fuhren mit 38:16 die zehntbeste Zeit (42,3 km\/h).<\/p>\n<p class=\"Normal\">Eine klasse Veranstaltung, die jedes Jahr mehr Zuspruch findet. Die Zahl der teilnehmenden Fahrer zeigt, dass ein bedarf an Zeitfahren besteht.<\/p>\n<p class=\"Normal\">Am 22.09.2016 findet auf derselben Strecke das <a href=\"http:\/\/www.rsg-ried-rastatt.de\/?p=1486\" target=\"_blank\">Einzelzeitfahren<\/a> (Trainingsfahrt) statt.<\/p>\n<p class=\"Normal\"><a href=\"http:\/\/www.rsg-ried-rastatt.de\/?p=1621\" target=\"_blank\">Hier findet Ihr den Beitrag, Ergebnisse und Bilder bei der RSG Ried Rastatt e.V.<\/a><\/p>\n<p class=\"Normal\"><em>-jl-<\/em><\/p>\n","protected":false},"excerpt":{"rendered":"<p>Bereits am 28.07. nahmen Federico und Joachim an einer Trainingsveranstaltung des RSG Ried Rastatt e.V. teil. Auf der Rheinuferstra\u00dfe zwischen Iffezheim und Greffern wurde ein Paarzeitfahren \u00fcber 27 km veranstaltet. 40 Paare starteten ab 19:00 im Minutentakt zum Kampf gegen die Uhr. Bei diesem Trainingsrennen gewinnt nicht unbedingt das schnellste \u201ePaar\u201c. Durch ein ausgekl\u00fcgeltes \u201eBonus-Malus\u201c &hellip; <\/p>\n<p><a class=\"more-link btn\" href=\"https:\/\/rv-kirrlach.com\/?p=929\">Weiterlesen<\/a><\/p>\n","protected":false},"author":1,"featured_media":0,"comment_status":"closed","ping_status":"open","sticky":false,"template":"","format":"standard","meta":{"footnotes":"","_links_to":"","_links_to_target":""},"categories":[3],"tags":[],"class_list":["post-929","post","type-post","status-publish","format-standard","hentry","category-rennberichte","item-wrap"],"_links":{"self":[{"href":"https:\/\/rv-kirrlach.com\/index.php?rest_route=\/wp\/v2\/posts\/929","targetHints":{"allow":["GET"]}}],"collection":[{"href":"https:\/\/rv-kirrlach.com\/index.php?rest_route=\/wp\/v2\/posts"}],"about":[{"href":"https:\/\/rv-kirrlach.com\/index.php?rest_route=\/wp\/v2\/types\/post"}],"author":[{"embeddable":true,"href":"https:\/\/rv-kirrlach.com\/index.php?rest_route=\/wp\/v2\/users\/1"}],"replies":[{"embeddable":true,"href":"https:\/\/rv-kirrlach.com\/index.php?rest_route=%2Fwp%2Fv2%2Fcomments&post=929"}],"version-history":[{"count":6,"href":"https:\/\/rv-kirrlach.com\/index.php?rest_route=\/wp\/v2\/posts\/929\/revisions"}],"predecessor-version":[{"id":936,"href":"https:\/\/rv-kirrlach.com\/index.php?rest_route=\/wp\/v2\/posts\/929\/revisions\/936"}],"wp:attachment":[{"href":"https:\/\/rv-kirrlach.com\/index.php?rest_route=%2Fwp%2Fv2%2Fmedia&parent=929"}],"wp:term":[{"taxonomy":"category","embeddable":true,"href":"https:\/\/rv-kirrlach.com\/index.php?rest_route=%2Fwp%2Fv2%2Fcategories&post=929"},{"taxonomy":"post_tag","embeddable":true,"href":"https:\/\/rv-kirrlach.com\/index.php?rest_route=%2Fwp%2Fv2%2Ftags&post=929"}],"curies":[{"name":"wp","href":"https:\/\/api.w.org\/{rel}","templated":true}]}}