{"id":903,"date":"2016-07-18T16:33:12","date_gmt":"2016-07-18T14:33:12","guid":{"rendered":"http:\/\/rv-kirrlach.com\/?p=903"},"modified":"2016-08-09T07:51:12","modified_gmt":"2016-08-09T05:51:12","slug":"rennbericht-vom-schwaben","status":"publish","type":"post","link":"https:\/\/rv-kirrlach.com\/?p=903","title":{"rendered":"Team Tour Donnerstag 14.07. bis Sonntag 17.07.16"},"content":{"rendered":"<p class=\"tm5 Normal\"><a href=\"https:\/\/rv-kirrlach.com\/wp-content\/uploads\/2016\/07\/IMG-1.jpg\"><img loading=\"lazy\" decoding=\"async\" class=\"alignleft wp-image-901 size-medium\" src=\"https:\/\/rv-kirrlach.com\/wp-content\/uploads\/2016\/07\/IMG-1-228x300.jpg\" alt=\"IMG-1\" width=\"228\" height=\"300\" srcset=\"https:\/\/rv-kirrlach.com\/wp-content\/uploads\/2016\/07\/IMG-1-228x300.jpg 228w, https:\/\/rv-kirrlach.com\/wp-content\/uploads\/2016\/07\/IMG-1-768x1009.jpg 768w, https:\/\/rv-kirrlach.com\/wp-content\/uploads\/2016\/07\/IMG-1-779x1024.jpg 779w, https:\/\/rv-kirrlach.com\/wp-content\/uploads\/2016\/07\/IMG-1.jpg 1003w\" sizes=\"auto, (max-width: 228px) 100vw, 228px\" \/><\/a><\/p>\n<p class=\"tm5 Normal\"><span class=\"tm6\"><strong>Donnerstag Kriterium in Deisslingen, 40Rd = 40Km<\/strong> <\/span><\/p>\n<p class=\"tm5 Normal\"><span class=\"tm6\">Durch den gemeinsamen Start der Sen. 2,3 und 4, haben die starken Fahrer der Sen. 2 die Punkte unter sich ausgemacht. Der Alex hat sich in R. 7 die Pr\u00e4mie geschnappt und Anfang R.9 war des Rennen fast zuende, als einer mit einem platten Vorderreifen quer durch die Kurve fahren musste. Auf direktem Kollisionskurs blieb nur die Flucht \u00fcber den Bordstein zu springen und hinter einem PKW \u201eeinzuparken\u201c. Gott sei Dank kein Sturz, aber das Feld war weg. Die Aufholjagd \u00fcber 2 Runden war hart. Zum Gl\u00fcck noch genug Zeit um sich wieder zu erholen und am Schluss noch als 5. einzulaufen. <\/span><\/p>\n<p class=\"tm5 Normal\"><span class=\"tm6\">\u00a0<strong>Freitag RR in Ottenbach, 25Rd = 30,5km<\/strong><\/span><\/p>\n<p class=\"tm5 Normal\"><span class=\"tm6\">Trotz eines leichen Anstiegs sind 30 km viel zu kurz f\u00fcr so ein Rennen! Das Schwierigste war der schlechte Stra\u00dfenbelag. In einem hecktischen Rennen mit vielen Fluchtversuchen gelang es keinem wegzufahren und am Schluss hat es f\u00fcr Alex leider nur auf den 7. Platz gereicht.<\/span><!--more--><\/p>\n<p class=\"tm5 Normal\"><strong><span class=\"tm6\">Samstag Kriterium in Rheinfelden, 40Rd =44km<\/span><\/strong><\/p>\n<p class=\"tm5 Normal\"><span class=\"tm6\">Im Nachhinein stellt sich mir die Frage, wozu \u00fcberhaupt die Runden und km ausgeschrieben werden? Am Start wurden 35 Runden angek\u00fcndigt und die Wertungen nach 5 und dann nach 10 Runden. Ein Rennen zusammen mit 35 Elite Frauen hat das ganze auch nicht \u00fcbersichtlicher gemacht. Der Alex war nicht der Einzige der in Runde 20 Punkte gefahren hat die es gar nicht gab! Als schlechter Sprinter geht das nur wenn man rechtzeitig aus dem Feld herausf\u00e4hrt und mit Vorsprung \u00fcber die Ziellinie f\u00e4hrt. Nun noch ein mi\u00dfgl\u00fcckter Fluchtversuch und am Ende nur ein 9.Platz.<\/span><\/p>\n<p class=\"tm5 Normal\"><span class=\"tm6\">\u00a0<\/span><strong><span class=\"tm6\">Sonntag RR in Plattenhardt, 20Rd.=40km<\/span><\/strong><\/p>\n<p class=\"tm5 Normal\"><span class=\"tm6\">Entgegen der Ausschreibung wieder gemeinsamer Start mit Sen. 2,3 und 4. Plattenhardt ist ein klassisches Ausscheidungsfahren. Pro Runde ca. 32hm die erst leicht ansteigende Stra\u00dfe entwickelt sich dann zu einer richtigen Steilrampe mit Pflaster-Belag. Nach der 2. Runde waren mehr als 50% der Fahren nicht mehr im Feld zu finden. Tendenz steigend. Weniger als 10 Mann haben das Ziel noch halbwegs gemeinsam erreicht und der Alex konnte sich den 2. Platz bei den Sen.3 belegen. In der Gesamtwertung der 4 Rennen ist er dadurch auf den 4. Platz vorgefahren.<\/span><\/p>\n<p class=\"tm5 Normal\"><a href=\"https:\/\/rv-kirrlach.com\/wp-content\/uploads\/2016\/07\/IMG-2.jpg\"><img loading=\"lazy\" decoding=\"async\" class=\"alignleft wp-image-902 size-medium\" src=\"https:\/\/rv-kirrlach.com\/wp-content\/uploads\/2016\/07\/IMG-2-300x217.jpg\" alt=\"IMG-2\" width=\"300\" height=\"217\" srcset=\"https:\/\/rv-kirrlach.com\/wp-content\/uploads\/2016\/07\/IMG-2-300x217.jpg 300w, https:\/\/rv-kirrlach.com\/wp-content\/uploads\/2016\/07\/IMG-2-768x556.jpg 768w, https:\/\/rv-kirrlach.com\/wp-content\/uploads\/2016\/07\/IMG-2-1024x742.jpg 1024w, https:\/\/rv-kirrlach.com\/wp-content\/uploads\/2016\/07\/IMG-2.jpg 1248w\" sizes=\"auto, (max-width: 300px) 100vw, 300px\" \/><\/a><\/p>\n<p class=\"tm5 Normal\"><span class=\"tm6\">3. Platz in der Baden W\u00fcrttembergischen Mannschaftsmeisterschaft.<\/span><\/p>\n<p class=\"tm5 Normal\"><span class=\"tm6\">Zusammen als Renngemeinschaft Ellmendingen\/Kirrlach<\/span><\/p>\n<p class=\"tm5 Normal\"><span class=\"tm6\">Hans Eberwein, Willi Spiesz, Alexander Mohr<\/span><\/p>\n<p>&nbsp;<\/p>\n<p>&nbsp;<\/p>\n<p>&nbsp;<\/p>\n<p>&nbsp;<\/p>\n<p>&nbsp;<\/p>\n<p><em>-am-<\/em><\/p>\n","protected":false},"excerpt":{"rendered":"<p>Donnerstag Kriterium in Deisslingen, 40Rd = 40Km Durch den gemeinsamen Start der Sen. 2,3 und 4, haben die starken Fahrer der Sen. 2 die Punkte unter sich ausgemacht. Der Alex hat sich in R. 7 die Pr\u00e4mie geschnappt und Anfang R.9 war des Rennen fast zuende, als einer mit einem platten Vorderreifen quer durch die &hellip; <\/p>\n<p><a class=\"more-link btn\" href=\"https:\/\/rv-kirrlach.com\/?p=903\">Weiterlesen<\/a><\/p>\n","protected":false},"author":1,"featured_media":0,"comment_status":"closed","ping_status":"open","sticky":false,"template":"","format":"standard","meta":{"footnotes":"","_links_to":"","_links_to_target":""},"categories":[3],"tags":[],"class_list":["post-903","post","type-post","status-publish","format-standard","hentry","category-rennberichte","item-wrap"],"_links":{"self":[{"href":"https:\/\/rv-kirrlach.com\/index.php?rest_route=\/wp\/v2\/posts\/903","targetHints":{"allow":["GET"]}}],"collection":[{"href":"https:\/\/rv-kirrlach.com\/index.php?rest_route=\/wp\/v2\/posts"}],"about":[{"href":"https:\/\/rv-kirrlach.com\/index.php?rest_route=\/wp\/v2\/types\/post"}],"author":[{"embeddable":true,"href":"https:\/\/rv-kirrlach.com\/index.php?rest_route=\/wp\/v2\/users\/1"}],"replies":[{"embeddable":true,"href":"https:\/\/rv-kirrlach.com\/index.php?rest_route=%2Fwp%2Fv2%2Fcomments&post=903"}],"version-history":[{"count":7,"href":"https:\/\/rv-kirrlach.com\/index.php?rest_route=\/wp\/v2\/posts\/903\/revisions"}],"predecessor-version":[{"id":920,"href":"https:\/\/rv-kirrlach.com\/index.php?rest_route=\/wp\/v2\/posts\/903\/revisions\/920"}],"wp:attachment":[{"href":"https:\/\/rv-kirrlach.com\/index.php?rest_route=%2Fwp%2Fv2%2Fmedia&parent=903"}],"wp:term":[{"taxonomy":"category","embeddable":true,"href":"https:\/\/rv-kirrlach.com\/index.php?rest_route=%2Fwp%2Fv2%2Fcategories&post=903"},{"taxonomy":"post_tag","embeddable":true,"href":"https:\/\/rv-kirrlach.com\/index.php?rest_route=%2Fwp%2Fv2%2Ftags&post=903"}],"curies":[{"name":"wp","href":"https:\/\/api.w.org\/{rel}","templated":true}]}}