{"id":790,"date":"2016-03-24T17:21:27","date_gmt":"2016-03-24T16:21:27","guid":{"rendered":"http:\/\/rv-kirrlach.com\/?p=790"},"modified":"2016-03-24T17:21:27","modified_gmt":"2016-03-24T16:21:27","slug":"rennstart-in-polch","status":"publish","type":"post","link":"https:\/\/rv-kirrlach.com\/?p=790","title":{"rendered":"Rennstart in Polch"},"content":{"rendered":"<p>Saisonauftakt beim 2. Griesson \u2013 de Beukelaer Radrennen<br \/>\nAm letzten Wochenende starteten unsere Fahrer Daniel Heinzmann, Alexander Mohr, Federico Guagliano und Ren\u00e9 Richter in die neue Rennsaison. Beim 2. Griesson \u2013 de Beukelaer Rennen im Rheinlandpf\u00e4lzischen Polch wurde auf der 9,2 km langen Runde die ersten Rennkilometer abgespult und ein erster Formcheck vorgenommen. Daniel, Alex und Ren\u00e9 starteten mit weiteren 90 Fahrern bei den Senioren. Bei lausigen 3 Grad wurde die erste Runde noch sehr verhalten gefahren. Ab der 2. Runde kam es immer wieder zu Tempoeinlagen und lie\u00df von Runde zu Runde das Fahrerfeld schrumpfen. Daniel und Ren\u00e9 konnten durch eine aktive Fahrweise und einigen Ausrei\u00dfversuchen das Renngeschehen mitbestimmen. Als sich 2 Runden vor Schluss doch noch ein Fahrer entscheidend absetzen konnte ging es im Zielsprint des Hauptfeldes nur noch um die Ehrenpl\u00e4tze. Ren\u00e9 fuhr auf den 15. Rang und muss noch etwas an der Sprinth\u00e4rte feilen. Daniel sowie Alex fuhren ebenfalls im ersten Drittel des Feldes \u00fcber den Zielstrich. Pech beim Elite C-Rennen f\u00fcr unseren Fahrer Federico! Nach der 2. Runde wurde er von der Defekt Hexe heimgesucht und konnte mit einem Plattfu\u00df sein Rennen nicht zu Ende fahren.<br \/>\n<img loading=\"lazy\" decoding=\"async\" src=\"https:\/\/rv-kirrlach.com\/wp-content\/uploads\/2016\/03\/IMG_3886-300x200.jpg\" alt=\"IMG_3886\" width=\"300\" height=\"200\" class=\"alignnone size-medium wp-image-791\" srcset=\"https:\/\/rv-kirrlach.com\/wp-content\/uploads\/2016\/03\/IMG_3886-300x200.jpg 300w, https:\/\/rv-kirrlach.com\/wp-content\/uploads\/2016\/03\/IMG_3886-768x512.jpg 768w, https:\/\/rv-kirrlach.com\/wp-content\/uploads\/2016\/03\/IMG_3886-1024x682.jpg 1024w, https:\/\/rv-kirrlach.com\/wp-content\/uploads\/2016\/03\/IMG_3886.jpg 1600w\" sizes=\"auto, (max-width: 300px) 100vw, 300px\" \/><\/p>\n<p><img loading=\"lazy\" decoding=\"async\" src=\"https:\/\/rv-kirrlach.com\/wp-content\/uploads\/2016\/03\/IMG_3887-300x200.jpg\" alt=\"IMG_3887\" width=\"300\" height=\"200\" class=\"alignnone size-medium wp-image-792\" srcset=\"https:\/\/rv-kirrlach.com\/wp-content\/uploads\/2016\/03\/IMG_3887-300x200.jpg 300w, https:\/\/rv-kirrlach.com\/wp-content\/uploads\/2016\/03\/IMG_3887-768x512.jpg 768w, https:\/\/rv-kirrlach.com\/wp-content\/uploads\/2016\/03\/IMG_3887-1024x682.jpg 1024w, https:\/\/rv-kirrlach.com\/wp-content\/uploads\/2016\/03\/IMG_3887.jpg 1600w\" sizes=\"auto, (max-width: 300px) 100vw, 300px\" \/><\/p>\n<p><img loading=\"lazy\" decoding=\"async\" src=\"https:\/\/rv-kirrlach.com\/wp-content\/uploads\/2016\/03\/IMG_3888-300x200.jpg\" alt=\"IMG_3888\" width=\"300\" height=\"200\" class=\"alignnone size-medium wp-image-793\" srcset=\"https:\/\/rv-kirrlach.com\/wp-content\/uploads\/2016\/03\/IMG_3888-300x200.jpg 300w, https:\/\/rv-kirrlach.com\/wp-content\/uploads\/2016\/03\/IMG_3888-768x512.jpg 768w, https:\/\/rv-kirrlach.com\/wp-content\/uploads\/2016\/03\/IMG_3888-1024x682.jpg 1024w, https:\/\/rv-kirrlach.com\/wp-content\/uploads\/2016\/03\/IMG_3888.jpg 1600w\" sizes=\"auto, (max-width: 300px) 100vw, 300px\" \/><\/p>\n","protected":false},"excerpt":{"rendered":"<p>Saisonauftakt beim 2. Griesson \u2013 de Beukelaer Radrennen Am letzten Wochenende starteten unsere Fahrer Daniel Heinzmann, Alexander Mohr, Federico Guagliano und Ren\u00e9 Richter in die neue Rennsaison. Beim 2. Griesson \u2013 de Beukelaer Rennen im Rheinlandpf\u00e4lzischen Polch wurde auf der 9,2 km langen Runde die ersten Rennkilometer abgespult und ein erster Formcheck vorgenommen. Daniel, Alex &hellip; <\/p>\n<p><a class=\"more-link btn\" href=\"https:\/\/rv-kirrlach.com\/?p=790\">Weiterlesen<\/a><\/p>\n","protected":false},"author":1,"featured_media":0,"comment_status":"closed","ping_status":"open","sticky":false,"template":"","format":"standard","meta":{"footnotes":"","_links_to":"","_links_to_target":""},"categories":[3],"tags":[],"class_list":["post-790","post","type-post","status-publish","format-standard","hentry","category-rennberichte","item-wrap"],"_links":{"self":[{"href":"https:\/\/rv-kirrlach.com\/index.php?rest_route=\/wp\/v2\/posts\/790","targetHints":{"allow":["GET"]}}],"collection":[{"href":"https:\/\/rv-kirrlach.com\/index.php?rest_route=\/wp\/v2\/posts"}],"about":[{"href":"https:\/\/rv-kirrlach.com\/index.php?rest_route=\/wp\/v2\/types\/post"}],"author":[{"embeddable":true,"href":"https:\/\/rv-kirrlach.com\/index.php?rest_route=\/wp\/v2\/users\/1"}],"replies":[{"embeddable":true,"href":"https:\/\/rv-kirrlach.com\/index.php?rest_route=%2Fwp%2Fv2%2Fcomments&post=790"}],"version-history":[{"count":1,"href":"https:\/\/rv-kirrlach.com\/index.php?rest_route=\/wp\/v2\/posts\/790\/revisions"}],"predecessor-version":[{"id":794,"href":"https:\/\/rv-kirrlach.com\/index.php?rest_route=\/wp\/v2\/posts\/790\/revisions\/794"}],"wp:attachment":[{"href":"https:\/\/rv-kirrlach.com\/index.php?rest_route=%2Fwp%2Fv2%2Fmedia&parent=790"}],"wp:term":[{"taxonomy":"category","embeddable":true,"href":"https:\/\/rv-kirrlach.com\/index.php?rest_route=%2Fwp%2Fv2%2Fcategories&post=790"},{"taxonomy":"post_tag","embeddable":true,"href":"https:\/\/rv-kirrlach.com\/index.php?rest_route=%2Fwp%2Fv2%2Ftags&post=790"}],"curies":[{"name":"wp","href":"https:\/\/api.w.org\/{rel}","templated":true}]}}