{"id":738,"date":"2015-11-28T08:37:18","date_gmt":"2015-11-28T07:37:18","guid":{"rendered":"http:\/\/rv-kirrlach.com\/?p=738"},"modified":"2015-12-03T11:25:32","modified_gmt":"2015-12-03T10:25:32","slug":"winterfeier","status":"publish","type":"post","link":"https:\/\/rv-kirrlach.com\/?p=738","title":{"rendered":"Winterfeier"},"content":{"rendered":"<div class=\"foogallery foogallery-container foogallery-thumbnail foogallery-single-thumbnail foogallery-lightbox-foobox-free fg-left fg-thumbnail fg-ready fg-light fg-border-thin fg-shadow-outline fg-loading-default fg-loaded-fade-in fg-caption-hover fg-hover-slide-up fg-hover-zoom\" id=\"foogallery-gallery-742\" data-foogallery=\"{&quot;item&quot;:{&quot;showCaptionTitle&quot;:true,&quot;showCaptionDescription&quot;:true},&quot;lazy&quot;:true}\" style=\"--fg-title-line-clamp: 0; --fg-description-line-clamp: 0;\" >\n    <div class=\"fg-item fg-type-image fg-idle\"><figure class=\"fg-item-inner\"><a href=\"https:\/\/rv-kirrlach.com\/wp-content\/uploads\/2015\/11\/IMG_3227-e1448696150528.jpg\" data-caption-title=\"Alex Mohr \u00fcberraschte mit selbstgemachten Weihnachtspl\u00e4tzchen zur Freude aller...\" data-attachment-id=\"737\" rel=\"lightbox[742]\" data-type=\"image\" class=\"fg-thumb\"><span class=\"fg-image-wrap\"><img decoding=\"async\" title=\"Alex Mohr \u00fcberraschte mit selbstgemachten Weihnachtspl\u00e4tzchen zur Freude aller...\" width=\"130\" height=\"120\" class=\"skip-lazy fg-image\" data-src-fg=\"https:\/\/rv-kirrlach.com\/wp-content\/uploads\/cache\/2015\/11\/IMG_3227-e1448696150528\/2871557738.jpg\" src=\"data:image\/svg+xml,%3Csvg%20xmlns%3D%22http%3A%2F%2Fwww.w3.org%2F2000%2Fsvg%22%20width%3D%22130%22%20height%3D%22120%22%20viewBox%3D%220%200%20130%20120%22%3E%3C%2Fsvg%3E\" loading=\"eager\"><\/span><span class=\"fg-image-overlay\"><\/span><\/a><\/figure><div class=\"fg-loader\"><\/div><\/div>        <div class=\"fg-st-hidden\">\n        <div class=\"fg-item fg-type-image fg-idle\"><figure class=\"fg-item-inner\"><a href=\"https:\/\/rv-kirrlach.com\/wp-content\/uploads\/2015\/11\/IMG_3243.jpg\" data-caption-title=\"Ren\u00e9 Richter\" data-attachment-id=\"736\" rel=\"lightbox[742]\" data-type=\"image\" class=\"fg-thumb\"><span class=\"fg-image-wrap\"><img decoding=\"async\" title=\"Ren\u00e9 Richter\" width=\"130\" height=\"120\" class=\"skip-lazy fg-image\" data-src-fg=\"https:\/\/rv-kirrlach.com\/wp-content\/uploads\/cache\/2015\/11\/IMG_3243\/1167452790.jpg\" src=\"data:image\/svg+xml,%3Csvg%20xmlns%3D%22http%3A%2F%2Fwww.w3.org%2F2000%2Fsvg%22%20width%3D%22130%22%20height%3D%22120%22%20viewBox%3D%220%200%20130%20120%22%3E%3C%2Fsvg%3E\" loading=\"eager\"><\/span><span class=\"fg-image-overlay\"><\/span><\/a><figcaption class=\"fg-caption\"><div class=\"fg-caption-inner\"><div class=\"fg-caption-title\">Ren\u00e9 Richter<\/div><\/div><\/figcaption><\/figure><div class=\"fg-loader\"><\/div><\/div><div class=\"fg-item fg-type-image fg-idle\"><figure class=\"fg-item-inner\"><a href=\"https:\/\/rv-kirrlach.com\/wp-content\/uploads\/2015\/11\/IMG_3238.jpg\" data-caption-title=\"Die Herren der Vorstandschaft\" data-attachment-id=\"731\" rel=\"lightbox[742]\" data-type=\"image\" class=\"fg-thumb\"><span class=\"fg-image-wrap\"><img decoding=\"async\" title=\"Die Herren der Vorstandschaft\" width=\"130\" height=\"120\" class=\"skip-lazy fg-image\" data-src-fg=\"https:\/\/rv-kirrlach.com\/wp-content\/uploads\/cache\/2015\/11\/IMG_3238\/812956136.jpg\" src=\"data:image\/svg+xml,%3Csvg%20xmlns%3D%22http%3A%2F%2Fwww.w3.org%2F2000%2Fsvg%22%20width%3D%22130%22%20height%3D%22120%22%20viewBox%3D%220%200%20130%20120%22%3E%3C%2Fsvg%3E\" loading=\"eager\"><\/span><span class=\"fg-image-overlay\"><\/span><\/a><figcaption class=\"fg-caption\"><div class=\"fg-caption-inner\"><div class=\"fg-caption-title\">Die Herren der Vorstandschaft<\/div><\/div><\/figcaption><\/figure><div class=\"fg-loader\"><\/div><\/div><div class=\"fg-item fg-type-image fg-idle\"><figure class=\"fg-item-inner\"><a href=\"https:\/\/rv-kirrlach.com\/wp-content\/uploads\/2015\/11\/IMG_3242.jpg\" data-caption-title=\"Daniel Heinzmann und sein Vater\" data-attachment-id=\"735\" rel=\"lightbox[742]\" data-type=\"image\" class=\"fg-thumb\"><span class=\"fg-image-wrap\"><img decoding=\"async\" title=\"Daniel Heinzmann und sein Vater\" width=\"130\" height=\"120\" class=\"skip-lazy fg-image\" data-src-fg=\"https:\/\/rv-kirrlach.com\/wp-content\/uploads\/cache\/2015\/11\/IMG_3242\/2743094149.jpg\" src=\"data:image\/svg+xml,%3Csvg%20xmlns%3D%22http%3A%2F%2Fwww.w3.org%2F2000%2Fsvg%22%20width%3D%22130%22%20height%3D%22120%22%20viewBox%3D%220%200%20130%20120%22%3E%3C%2Fsvg%3E\" loading=\"eager\"><\/span><span class=\"fg-image-overlay\"><\/span><\/a><figcaption class=\"fg-caption\"><div class=\"fg-caption-inner\"><div class=\"fg-caption-title\">Daniel Heinzmann und sein Vater<\/div><\/div><\/figcaption><\/figure><div class=\"fg-loader\"><\/div><\/div><div class=\"fg-item fg-type-image fg-idle\"><figure class=\"fg-item-inner\"><a href=\"https:\/\/rv-kirrlach.com\/wp-content\/uploads\/2015\/11\/IMG_3241.jpg\" data-caption-title=\"Michael Steinle\" data-attachment-id=\"734\" rel=\"lightbox[742]\" data-type=\"image\" class=\"fg-thumb\"><span class=\"fg-image-wrap\"><img decoding=\"async\" title=\"Michael Steinle\" width=\"130\" height=\"120\" class=\"skip-lazy fg-image\" data-src-fg=\"https:\/\/rv-kirrlach.com\/wp-content\/uploads\/cache\/2015\/11\/IMG_3241\/882519229.jpg\" src=\"data:image\/svg+xml,%3Csvg%20xmlns%3D%22http%3A%2F%2Fwww.w3.org%2F2000%2Fsvg%22%20width%3D%22130%22%20height%3D%22120%22%20viewBox%3D%220%200%20130%20120%22%3E%3C%2Fsvg%3E\" loading=\"eager\"><\/span><span class=\"fg-image-overlay\"><\/span><\/a><figcaption class=\"fg-caption\"><div class=\"fg-caption-inner\"><div class=\"fg-caption-title\">Michael Steinle<\/div><\/div><\/figcaption><\/figure><div class=\"fg-loader\"><\/div><\/div><div class=\"fg-item fg-type-image fg-idle\"><figure class=\"fg-item-inner\"><a href=\"https:\/\/rv-kirrlach.com\/wp-content\/uploads\/2015\/11\/IMG_3240.jpg\" data-caption-title=\"Federico Guagliano\" data-attachment-id=\"733\" rel=\"lightbox[742]\" data-type=\"image\" class=\"fg-thumb\"><span class=\"fg-image-wrap\"><img decoding=\"async\" title=\"Federico Guagliano\" width=\"130\" height=\"120\" class=\"skip-lazy fg-image\" data-src-fg=\"https:\/\/rv-kirrlach.com\/wp-content\/uploads\/cache\/2015\/11\/IMG_3240\/3034189346.jpg\" src=\"data:image\/svg+xml,%3Csvg%20xmlns%3D%22http%3A%2F%2Fwww.w3.org%2F2000%2Fsvg%22%20width%3D%22130%22%20height%3D%22120%22%20viewBox%3D%220%200%20130%20120%22%3E%3C%2Fsvg%3E\" loading=\"eager\"><\/span><span class=\"fg-image-overlay\"><\/span><\/a><figcaption class=\"fg-caption\"><div class=\"fg-caption-inner\"><div class=\"fg-caption-title\">Federico Guagliano<\/div><\/div><\/figcaption><\/figure><div class=\"fg-loader\"><\/div><\/div><div class=\"fg-item fg-type-image fg-idle\"><figure class=\"fg-item-inner\"><a href=\"https:\/\/rv-kirrlach.com\/wp-content\/uploads\/2015\/11\/IMG_3239.jpg\" data-caption-title=\"Erwin hat seine Freude mit den Damen  der Vorstandschaft\" data-attachment-id=\"732\" rel=\"lightbox[742]\" data-type=\"image\" class=\"fg-thumb\"><span class=\"fg-image-wrap\"><img decoding=\"async\" title=\"Erwin hat seine Freude mit den Damen  der Vorstandschaft\" width=\"130\" height=\"120\" class=\"skip-lazy fg-image\" data-src-fg=\"https:\/\/rv-kirrlach.com\/wp-content\/uploads\/cache\/2015\/11\/IMG_3239\/3596687387.jpg\" src=\"data:image\/svg+xml,%3Csvg%20xmlns%3D%22http%3A%2F%2Fwww.w3.org%2F2000%2Fsvg%22%20width%3D%22130%22%20height%3D%22120%22%20viewBox%3D%220%200%20130%20120%22%3E%3C%2Fsvg%3E\" loading=\"eager\"><\/span><span class=\"fg-image-overlay\"><\/span><\/a><figcaption class=\"fg-caption\"><div class=\"fg-caption-inner\"><div class=\"fg-caption-title\">Erwin hat seine Freude mit den Damen  der Vorstandschaft<\/div><\/div><\/figcaption><\/figure><div class=\"fg-loader\"><\/div><\/div>    <\/div>\n<\/div>\n\n<p>Schon am 21. November fand dieses Jahr unsere Winterfeier statt. Etwas fr\u00fch zwar, aber wir wissen alle, dass der Dezember voll ist mit Terminen. Daher fanden wir es sinnvoll uns schon etwas fr\u00fcher im Vereinsheim zu treffen, um die Rennfahrer zu ehren bzw. um bei einem gem\u00fctlichen Zusammensitzen die vergangene Saison noch einmal Revue passieren zu lassen.<br \/>\nBei gutem Essen, das wir von der Metzgerei Herrwerth geordert hatten, begannen wir den Abend. Gut gest\u00e4rkt konnte unser Vorstand Erwin Heinzmann die Ehrungen vornehmen. Wir k\u00f6nnen dieses Jahr auf eine f\u00fcr unsere Rennfahrer erfolgreiche Saison zur\u00fcckblicken. Sven Herry mit seinem Aufstieg in die B-Klasse. Viele Platzierungen und auch einige Podestpl\u00e4tze unserer Senioren 2 Fahrer Ren\u00e9 Richter, Daniel Heinzmann und Alexander Mohr. J\u00fcrgen Leonhard als erfolgreichster unserer Rennfahrer in der Klasse der Senioren 4. Joachim Lebherz, der seinen ersehnten Podestplatz im letzten Rennen der Senioren 3 feierte. Und Federico Guagliano, der vom Radmarathon zu den Strassenrennen kam, um sich nach anf\u00e4nglichen Schwierigkeiten erfolgreich durchzubeissen.<br \/>\nNach all diesen Ehrungen, die Erwin in bekannt humorvoller Art durchf\u00fchrte, war erstmal Nachtisch angesagt. Bei Eis und selbstgemachten Pl\u00e4tzchen von Alex, sowie dem ein oder anderen Glas Wein, sammelten wir vorweihnachtliche Kalorien.<br \/>\nSchlie\u00dflich m\u00fcssen wir auch im n\u00e4chsten Jahr einen Grund haben zu trainieren, Radrennen zu fahren und Kalorien zu verbrennen.<\/p>\n","protected":false},"excerpt":{"rendered":"<p>Schon am 21. November fand dieses Jahr unsere Winterfeier statt. Etwas fr\u00fch zwar, aber wir wissen alle, dass der Dezember voll ist mit Terminen. Daher fanden wir es sinnvoll uns schon etwas fr\u00fcher im Vereinsheim zu treffen, um die Rennfahrer zu ehren bzw. um bei einem gem\u00fctlichen Zusammensitzen die vergangene Saison noch einmal Revue passieren &hellip; <\/p>\n<p><a class=\"more-link btn\" href=\"https:\/\/rv-kirrlach.com\/?p=738\">Weiterlesen<\/a><\/p>\n","protected":false},"author":1,"featured_media":0,"comment_status":"closed","ping_status":"open","sticky":false,"template":"","format":"standard","meta":{"footnotes":"","_links_to":"","_links_to_target":""},"categories":[14],"tags":[],"class_list":["post-738","post","type-post","status-publish","format-standard","hentry","category-vereinsleben","item-wrap"],"_links":{"self":[{"href":"https:\/\/rv-kirrlach.com\/index.php?rest_route=\/wp\/v2\/posts\/738","targetHints":{"allow":["GET"]}}],"collection":[{"href":"https:\/\/rv-kirrlach.com\/index.php?rest_route=\/wp\/v2\/posts"}],"about":[{"href":"https:\/\/rv-kirrlach.com\/index.php?rest_route=\/wp\/v2\/types\/post"}],"author":[{"embeddable":true,"href":"https:\/\/rv-kirrlach.com\/index.php?rest_route=\/wp\/v2\/users\/1"}],"replies":[{"embeddable":true,"href":"https:\/\/rv-kirrlach.com\/index.php?rest_route=%2Fwp%2Fv2%2Fcomments&post=738"}],"version-history":[{"count":3,"href":"https:\/\/rv-kirrlach.com\/index.php?rest_route=\/wp\/v2\/posts\/738\/revisions"}],"predecessor-version":[{"id":747,"href":"https:\/\/rv-kirrlach.com\/index.php?rest_route=\/wp\/v2\/posts\/738\/revisions\/747"}],"wp:attachment":[{"href":"https:\/\/rv-kirrlach.com\/index.php?rest_route=%2Fwp%2Fv2%2Fmedia&parent=738"}],"wp:term":[{"taxonomy":"category","embeddable":true,"href":"https:\/\/rv-kirrlach.com\/index.php?rest_route=%2Fwp%2Fv2%2Fcategories&post=738"},{"taxonomy":"post_tag","embeddable":true,"href":"https:\/\/rv-kirrlach.com\/index.php?rest_route=%2Fwp%2Fv2%2Ftags&post=738"}],"curies":[{"name":"wp","href":"https:\/\/api.w.org\/{rel}","templated":true}]}}