{"id":495,"date":"2015-08-10T16:45:51","date_gmt":"2015-08-10T14:45:51","guid":{"rendered":"http:\/\/rv-kirrlach.com\/?p=495"},"modified":"2015-08-10T16:45:51","modified_gmt":"2015-08-10T14:45:51","slug":"michael-in-oesterreich","status":"publish","type":"post","link":"https:\/\/rv-kirrlach.com\/?p=495","title":{"rendered":"Michael in \u00d6sterreich"},"content":{"rendered":"<div>\n<div class=\"foogallery foogallery-container foogallery-thumbnail foogallery-single-thumbnail foogallery-lightbox-foobox-free fg-left fg-thumbnail fg-ready fg-light fg-border-thin fg-shadow-outline fg-loading-default fg-loaded-fade-in fg-caption-hover fg-hover-slide-up fg-hover-zoom\" id=\"foogallery-gallery-493\" data-foogallery=\"{&quot;item&quot;:{&quot;showCaptionTitle&quot;:true,&quot;showCaptionDescription&quot;:true},&quot;lazy&quot;:true}\" style=\"--fg-title-line-clamp: 0; --fg-description-line-clamp: 0;\" >\n    <div class=\"fg-item fg-type-image fg-idle\"><figure class=\"fg-item-inner\"><a href=\"https:\/\/rv-kirrlach.com\/wp-content\/uploads\/2015\/08\/Ischgl-Ironbike.jpg\" data-attachment-id=\"491\" rel=\"lightbox[493]\" data-type=\"image\" class=\"fg-thumb\"><span class=\"fg-image-wrap\"><img decoding=\"async\" width=\"130\" height=\"120\" class=\"skip-lazy fg-image\" data-src-fg=\"https:\/\/rv-kirrlach.com\/wp-content\/uploads\/cache\/2015\/08\/Ischgl-Ironbike\/4097289871.jpg\" src=\"data:image\/svg+xml,%3Csvg%20xmlns%3D%22http%3A%2F%2Fwww.w3.org%2F2000%2Fsvg%22%20width%3D%22130%22%20height%3D%22120%22%20viewBox%3D%220%200%20130%20120%22%3E%3C%2Fsvg%3E\" loading=\"eager\"><\/span><span class=\"fg-image-overlay\"><\/span><\/a><\/figure><div class=\"fg-loader\"><\/div><\/div>        <div class=\"fg-st-hidden\">\n        <div class=\"fg-item fg-type-image fg-idle\"><figure class=\"fg-item-inner\"><a href=\"https:\/\/rv-kirrlach.com\/wp-content\/uploads\/2015\/08\/M3-Montafon-Marathon.jpg\" data-attachment-id=\"492\" rel=\"lightbox[493]\" data-type=\"image\" class=\"fg-thumb\"><span class=\"fg-image-wrap\"><img decoding=\"async\" width=\"130\" height=\"120\" class=\"skip-lazy fg-image\" data-src-fg=\"https:\/\/rv-kirrlach.com\/wp-content\/uploads\/cache\/2015\/08\/M3-Montafon-Marathon\/3918017767.jpg\" src=\"data:image\/svg+xml,%3Csvg%20xmlns%3D%22http%3A%2F%2Fwww.w3.org%2F2000%2Fsvg%22%20width%3D%22130%22%20height%3D%22120%22%20viewBox%3D%220%200%20130%20120%22%3E%3C%2Fsvg%3E\" loading=\"eager\"><\/span><span class=\"fg-image-overlay\"><\/span><\/a><\/figure><div class=\"fg-loader\"><\/div><\/div>    <\/div>\n<\/div>\n\n<p>Michael war die vorletzte Woche im Montafon in \u00d6sterreich und ist dort zwei Rennen gefahren. Das Erste war der &#8222;Ischgl Ironbike&#8220; am 25.07. Er fuhr die Medium-Strecke mit 48 km L\u00e4nge und 2000 HM. Es war f\u00fcr ihn ein sehr sch\u00f6nes Rennen, mit zwei etwas k\u00fcrzeren Anstiegen (ca 5km) und einem langen Anstieg (ca 10km). Er absolvierte die Strecke in 3:10:31 Stunden und wurde von insgesamt 261 Startern 79.<\/p>\n<\/div>\n<div><\/div>\n<div>Der zweite Marathon war der &#8222;M3 Montafon Mountainbike Marathon&#8220;. Michael fuhr die Strecke &#8222;M2&#8220; mit 65 km L\u00e4nge und 2400 HM. Zum Zeitpunkt des Starts regnete es und es war ziemlich kalt. Auch bei diesem Marathon gab es sehr lange Anstiege mit anschlie\u00dfend langen Abfahrten. Er fuhr die Strecke in 3:52:03 Stunden und wurde 56. von insgesamt 228 Startern.<\/div>\n","protected":false},"excerpt":{"rendered":"<p>Michael war die vorletzte Woche im Montafon in \u00d6sterreich und ist dort zwei Rennen gefahren. Das Erste war der &#8222;Ischgl Ironbike&#8220; am 25.07. Er fuhr die Medium-Strecke mit 48 km L\u00e4nge und 2000 HM. Es war f\u00fcr ihn ein sehr sch\u00f6nes Rennen, mit zwei etwas k\u00fcrzeren Anstiegen (ca 5km) und einem langen Anstieg (ca 10km). &hellip; <\/p>\n<p><a class=\"more-link btn\" href=\"https:\/\/rv-kirrlach.com\/?p=495\">Weiterlesen<\/a><\/p>\n","protected":false},"author":1,"featured_media":0,"comment_status":"closed","ping_status":"open","sticky":false,"template":"","format":"standard","meta":{"footnotes":"","_links_to":"","_links_to_target":""},"categories":[3],"tags":[],"class_list":["post-495","post","type-post","status-publish","format-standard","hentry","category-rennberichte","item-wrap"],"_links":{"self":[{"href":"https:\/\/rv-kirrlach.com\/index.php?rest_route=\/wp\/v2\/posts\/495","targetHints":{"allow":["GET"]}}],"collection":[{"href":"https:\/\/rv-kirrlach.com\/index.php?rest_route=\/wp\/v2\/posts"}],"about":[{"href":"https:\/\/rv-kirrlach.com\/index.php?rest_route=\/wp\/v2\/types\/post"}],"author":[{"embeddable":true,"href":"https:\/\/rv-kirrlach.com\/index.php?rest_route=\/wp\/v2\/users\/1"}],"replies":[{"embeddable":true,"href":"https:\/\/rv-kirrlach.com\/index.php?rest_route=%2Fwp%2Fv2%2Fcomments&post=495"}],"version-history":[{"count":2,"href":"https:\/\/rv-kirrlach.com\/index.php?rest_route=\/wp\/v2\/posts\/495\/revisions"}],"predecessor-version":[{"id":498,"href":"https:\/\/rv-kirrlach.com\/index.php?rest_route=\/wp\/v2\/posts\/495\/revisions\/498"}],"wp:attachment":[{"href":"https:\/\/rv-kirrlach.com\/index.php?rest_route=%2Fwp%2Fv2%2Fmedia&parent=495"}],"wp:term":[{"taxonomy":"category","embeddable":true,"href":"https:\/\/rv-kirrlach.com\/index.php?rest_route=%2Fwp%2Fv2%2Fcategories&post=495"},{"taxonomy":"post_tag","embeddable":true,"href":"https:\/\/rv-kirrlach.com\/index.php?rest_route=%2Fwp%2Fv2%2Ftags&post=495"}],"curies":[{"name":"wp","href":"https:\/\/api.w.org\/{rel}","templated":true}]}}