{"id":454,"date":"2015-07-13T20:27:17","date_gmt":"2015-07-13T18:27:17","guid":{"rendered":"http:\/\/rv-kirrlach.com\/?p=454"},"modified":"2015-07-13T20:27:17","modified_gmt":"2015-07-13T18:27:17","slug":"limburg","status":"publish","type":"post","link":"https:\/\/rv-kirrlach.com\/?p=454","title":{"rendered":"Limburg"},"content":{"rendered":"<p><div class=\"foogallery foogallery-container foogallery-thumbnail foogallery-single-thumbnail foogallery-lightbox-foobox-free fg-left fg-thumbnail fg-ready fg-light fg-border-thin fg-shadow-outline fg-loading-default fg-loaded-fade-in fg-caption-hover fg-hover-slide-up fg-hover-zoom\" id=\"foogallery-gallery-457\" data-foogallery=\"{&quot;item&quot;:{&quot;showCaptionTitle&quot;:true,&quot;showCaptionDescription&quot;:true},&quot;lazy&quot;:true}\" style=\"--fg-title-line-clamp: 0; --fg-description-line-clamp: 0;\" >\n    <div class=\"fg-item fg-type-image fg-idle\"><figure class=\"fg-item-inner\"><a href=\"https:\/\/rv-kirrlach.com\/wp-content\/uploads\/2015\/07\/DSC01155.jpg\" data-attachment-id=\"452\" rel=\"lightbox[457]\" data-type=\"image\" class=\"fg-thumb\"><span class=\"fg-image-wrap\"><img decoding=\"async\" width=\"130\" height=\"120\" class=\"skip-lazy fg-image\" data-src-fg=\"https:\/\/rv-kirrlach.com\/wp-content\/uploads\/cache\/2015\/07\/DSC01155\/3406127871.jpg\" src=\"data:image\/svg+xml,%3Csvg%20xmlns%3D%22http%3A%2F%2Fwww.w3.org%2F2000%2Fsvg%22%20width%3D%22130%22%20height%3D%22120%22%20viewBox%3D%220%200%20130%20120%22%3E%3C%2Fsvg%3E\" loading=\"eager\"><\/span><span class=\"fg-image-overlay\"><\/span><\/a><\/figure><div class=\"fg-loader\"><\/div><\/div>        <div class=\"fg-st-hidden\">\n        <div class=\"fg-item fg-type-image fg-idle\"><figure class=\"fg-item-inner\"><a href=\"https:\/\/rv-kirrlach.com\/wp-content\/uploads\/2015\/07\/DSC01154.jpg\" data-attachment-id=\"451\" rel=\"lightbox[457]\" data-type=\"image\" class=\"fg-thumb\"><span class=\"fg-image-wrap\"><img decoding=\"async\" width=\"130\" height=\"120\" class=\"skip-lazy fg-image\" data-src-fg=\"https:\/\/rv-kirrlach.com\/wp-content\/uploads\/cache\/2015\/07\/DSC01154\/3287505843.jpg\" src=\"data:image\/svg+xml,%3Csvg%20xmlns%3D%22http%3A%2F%2Fwww.w3.org%2F2000%2Fsvg%22%20width%3D%22130%22%20height%3D%22120%22%20viewBox%3D%220%200%20130%20120%22%3E%3C%2Fsvg%3E\" loading=\"eager\"><\/span><span class=\"fg-image-overlay\"><\/span><\/a><\/figure><div class=\"fg-loader\"><\/div><\/div><div class=\"fg-item fg-type-image fg-idle\"><figure class=\"fg-item-inner\"><a href=\"https:\/\/rv-kirrlach.com\/wp-content\/uploads\/2015\/07\/DSC01151.jpg\" data-attachment-id=\"450\" rel=\"lightbox[457]\" data-type=\"image\" class=\"fg-thumb\"><span class=\"fg-image-wrap\"><img decoding=\"async\" width=\"130\" height=\"120\" class=\"skip-lazy fg-image\" data-src-fg=\"https:\/\/rv-kirrlach.com\/wp-content\/uploads\/cache\/2015\/07\/DSC01151\/2458268940.jpg\" src=\"data:image\/svg+xml,%3Csvg%20xmlns%3D%22http%3A%2F%2Fwww.w3.org%2F2000%2Fsvg%22%20width%3D%22130%22%20height%3D%22120%22%20viewBox%3D%220%200%20130%20120%22%3E%3C%2Fsvg%3E\" loading=\"eager\"><\/span><span class=\"fg-image-overlay\"><\/span><\/a><\/figure><div class=\"fg-loader\"><\/div><\/div>    <\/div>\n<\/div>\nAm vergangen Sonntag war unser Senioren 4 Fahrer J\u00fcrgen Leonhard in Limburg am Start. Das Kriterium, das direkt in Limburg ausgetragen wurde, verlief \u00fcber 40 Runden und insgesamt 32km. Die Senioren waren gemeinsam mit der U17 am Start. Leider kam es zu einem Sturz von einigen U17 Fahrern, in den auch unser Fahrer J\u00fcrgen verwickelt wurde. Zum Gl\u00fcck verlief dieser Sturz relativ klimpflich, sodass J\u00fcrgen sofort wieder sein Rad besteigen konnte. Allerdings verpasste er aufgrund dieses Sturzes den Anschlu\u00df an die Senioren 4 Spitzengruppe und musste auf Aufholjagd gehen. Wer unseren J\u00fcrgen kennt wei\u00df, dass dieser &#8222;dicke&#8220; G\u00e4nge fahren kann, und so belegte er am Ende noch den 6. Rang was aller Achtung wert ist. <\/p>\n","protected":false},"excerpt":{"rendered":"<p>Am vergangen Sonntag war unser Senioren 4 Fahrer J\u00fcrgen Leonhard in Limburg am Start. Das Kriterium, das direkt in Limburg ausgetragen wurde, verlief \u00fcber 40 Runden und insgesamt 32km. Die Senioren waren gemeinsam mit der U17 am Start. Leider kam es zu einem Sturz von einigen U17 Fahrern, in den auch unser Fahrer J\u00fcrgen verwickelt &hellip; <\/p>\n<p><a class=\"more-link btn\" href=\"https:\/\/rv-kirrlach.com\/?p=454\">Weiterlesen<\/a><\/p>\n","protected":false},"author":1,"featured_media":0,"comment_status":"closed","ping_status":"open","sticky":false,"template":"","format":"standard","meta":{"footnotes":"","_links_to":"","_links_to_target":""},"categories":[3],"tags":[],"class_list":["post-454","post","type-post","status-publish","format-standard","hentry","category-rennberichte","item-wrap"],"_links":{"self":[{"href":"https:\/\/rv-kirrlach.com\/index.php?rest_route=\/wp\/v2\/posts\/454","targetHints":{"allow":["GET"]}}],"collection":[{"href":"https:\/\/rv-kirrlach.com\/index.php?rest_route=\/wp\/v2\/posts"}],"about":[{"href":"https:\/\/rv-kirrlach.com\/index.php?rest_route=\/wp\/v2\/types\/post"}],"author":[{"embeddable":true,"href":"https:\/\/rv-kirrlach.com\/index.php?rest_route=\/wp\/v2\/users\/1"}],"replies":[{"embeddable":true,"href":"https:\/\/rv-kirrlach.com\/index.php?rest_route=%2Fwp%2Fv2%2Fcomments&post=454"}],"version-history":[{"count":2,"href":"https:\/\/rv-kirrlach.com\/index.php?rest_route=\/wp\/v2\/posts\/454\/revisions"}],"predecessor-version":[{"id":458,"href":"https:\/\/rv-kirrlach.com\/index.php?rest_route=\/wp\/v2\/posts\/454\/revisions\/458"}],"wp:attachment":[{"href":"https:\/\/rv-kirrlach.com\/index.php?rest_route=%2Fwp%2Fv2%2Fmedia&parent=454"}],"wp:term":[{"taxonomy":"category","embeddable":true,"href":"https:\/\/rv-kirrlach.com\/index.php?rest_route=%2Fwp%2Fv2%2Fcategories&post=454"},{"taxonomy":"post_tag","embeddable":true,"href":"https:\/\/rv-kirrlach.com\/index.php?rest_route=%2Fwp%2Fv2%2Ftags&post=454"}],"curies":[{"name":"wp","href":"https:\/\/api.w.org\/{rel}","templated":true}]}}