{"id":2935,"date":"2026-04-28T08:08:24","date_gmt":"2026-04-28T06:08:24","guid":{"rendered":"https:\/\/rv-kirrlach.com\/?p=2935"},"modified":"2026-04-28T08:09:34","modified_gmt":"2026-04-28T06:09:34","slug":"grosser-radrenntag-beim-rv-kirrlach","status":"publish","type":"post","link":"https:\/\/rv-kirrlach.com\/?p=2935","title":{"rendered":"Gro\u00dfer Radrenntag beim RV 1898 Kirrlach"},"content":{"rendered":"\n<p>Der diesj\u00e4hrige Radrenntag des RV 1898 Kirrlach am vergangenen Wochenende war ein voller Erfolg und ein echtes Highlight im regionalen Radsportkalender!<\/p>\n\n\n\n<p>Strahlender Sonnenschein: Das Wetter h\u00e4tte wirklich nicht besser mitspielen k\u00f6nnen. Herrliches Fr\u00fchlingswetter und strahlender Sonnenschein boten nicht nur perfekten Grip auf dem Asphalt, sondern lockten auch zahlreiche gut gelaunte Zuschauer an die Strecke.<\/p>\n\n\n\n<p>Packende Rennen: Auf dem anspruchsvollen Rundkurs ging es den ganzen Tag \u00fcber ordentlich zur Sache. Von den motivierten Nachwuchsklassen bis zu den erfahrenen Amateuren und Senioren \u2013 die Fans bekamen packende Positionsk\u00e4mpfe, clevere Ausrei\u00dfversuche und rasante Schlusssprints geboten. Die Leistungsdichte sorgte f\u00fcr Hochspannung bis zur Ziellinie.<\/p>\n\n\n\n<p>Top Organisation: Der RV Kirrlach hat wieder einmal bewiesen, wie man ein solches Event auf die Beine stellt. Reibungslose Abl\u00e4ufe, eine tolle Moderation und beste Stimmung am Streckenrand rundeten das Event ab.<\/p>\n\n\n\n<p>Fazit: Ein wunderbarer Tag f\u00fcr den regionalen Radsport! Die perfekte Kombination aus bestem Wetter, sportlichen H\u00f6chstleistungen und einer grandiosen Kulisse macht schon jetzt Lust auf das n\u00e4chste Jahr<\/p>\n\n\n\n<figure class=\"wp-block-image size-large\"><img loading=\"lazy\" decoding=\"async\" width=\"1024\" height=\"575\" src=\"https:\/\/rv-kirrlach.com\/wp-content\/uploads\/2026\/04\/image-2-1024x575.png\" alt=\"\" class=\"wp-image-2936\" srcset=\"https:\/\/rv-kirrlach.com\/wp-content\/uploads\/2026\/04\/image-2-1024x575.png 1024w, https:\/\/rv-kirrlach.com\/wp-content\/uploads\/2026\/04\/image-2-300x168.png 300w, https:\/\/rv-kirrlach.com\/wp-content\/uploads\/2026\/04\/image-2-768x431.png 768w, https:\/\/rv-kirrlach.com\/wp-content\/uploads\/2026\/04\/image-2-847x476.png 847w, https:\/\/rv-kirrlach.com\/wp-content\/uploads\/2026\/04\/image-2.png 1382w\" sizes=\"auto, (max-width: 1024px) 100vw, 1024px\" \/><\/figure>\n\n\n\n<p><\/p>\n\n\n\n<figure class=\"wp-block-image size-large\"><img loading=\"lazy\" decoding=\"async\" width=\"768\" height=\"1024\" src=\"https:\/\/rv-kirrlach.com\/wp-content\/uploads\/2026\/04\/IMG_7410-768x1024.jpeg\" alt=\"\" class=\"wp-image-2937\" srcset=\"https:\/\/rv-kirrlach.com\/wp-content\/uploads\/2026\/04\/IMG_7410-768x1024.jpeg 768w, https:\/\/rv-kirrlach.com\/wp-content\/uploads\/2026\/04\/IMG_7410-225x300.jpeg 225w, https:\/\/rv-kirrlach.com\/wp-content\/uploads\/2026\/04\/IMG_7410-1152x1536.jpeg 1152w, https:\/\/rv-kirrlach.com\/wp-content\/uploads\/2026\/04\/IMG_7410-1536x2048.jpeg 1536w, https:\/\/rv-kirrlach.com\/wp-content\/uploads\/2026\/04\/IMG_7410-847x1129.jpeg 847w, https:\/\/rv-kirrlach.com\/wp-content\/uploads\/2026\/04\/IMG_7410-scaled.jpeg 1920w\" sizes=\"auto, (max-width: 768px) 100vw, 768px\" \/><\/figure>\n\n\n\n<p><\/p>\n\n\n\n<figure class=\"wp-block-image size-large\"><img loading=\"lazy\" decoding=\"async\" width=\"1024\" height=\"580\" src=\"https:\/\/rv-kirrlach.com\/wp-content\/uploads\/2026\/04\/Bild-28.04.26-um-08.05-1024x580.png\" alt=\"\" class=\"wp-image-2938\" srcset=\"https:\/\/rv-kirrlach.com\/wp-content\/uploads\/2026\/04\/Bild-28.04.26-um-08.05-1024x580.png 1024w, https:\/\/rv-kirrlach.com\/wp-content\/uploads\/2026\/04\/Bild-28.04.26-um-08.05-300x170.png 300w, https:\/\/rv-kirrlach.com\/wp-content\/uploads\/2026\/04\/Bild-28.04.26-um-08.05-768x435.png 768w, https:\/\/rv-kirrlach.com\/wp-content\/uploads\/2026\/04\/Bild-28.04.26-um-08.05-847x480.png 847w, https:\/\/rv-kirrlach.com\/wp-content\/uploads\/2026\/04\/Bild-28.04.26-um-08.05.png 1384w\" sizes=\"auto, (max-width: 1024px) 100vw, 1024px\" \/><\/figure>\n\n\n\n<p><\/p>\n\n\n\n<figure class=\"wp-block-image size-large\"><img loading=\"lazy\" decoding=\"async\" width=\"1024\" height=\"578\" src=\"https:\/\/rv-kirrlach.com\/wp-content\/uploads\/2026\/04\/Bild-28.04.26-um-08.05-1-1024x578.png\" alt=\"\" class=\"wp-image-2939\" srcset=\"https:\/\/rv-kirrlach.com\/wp-content\/uploads\/2026\/04\/Bild-28.04.26-um-08.05-1-1024x578.png 1024w, https:\/\/rv-kirrlach.com\/wp-content\/uploads\/2026\/04\/Bild-28.04.26-um-08.05-1-300x169.png 300w, https:\/\/rv-kirrlach.com\/wp-content\/uploads\/2026\/04\/Bild-28.04.26-um-08.05-1-768x433.png 768w, https:\/\/rv-kirrlach.com\/wp-content\/uploads\/2026\/04\/Bild-28.04.26-um-08.05-1-847x478.png 847w, https:\/\/rv-kirrlach.com\/wp-content\/uploads\/2026\/04\/Bild-28.04.26-um-08.05-1.png 1386w\" sizes=\"auto, (max-width: 1024px) 100vw, 1024px\" \/><\/figure>\n\n\n\n<p><\/p>\n\n\n\n<figure class=\"wp-block-image size-large\"><img loading=\"lazy\" decoding=\"async\" width=\"1024\" height=\"583\" src=\"https:\/\/rv-kirrlach.com\/wp-content\/uploads\/2026\/04\/Bild-28.04.26-um-08.06-1024x583.png\" alt=\"\" class=\"wp-image-2940\" srcset=\"https:\/\/rv-kirrlach.com\/wp-content\/uploads\/2026\/04\/Bild-28.04.26-um-08.06-1024x583.png 1024w, https:\/\/rv-kirrlach.com\/wp-content\/uploads\/2026\/04\/Bild-28.04.26-um-08.06-300x171.png 300w, https:\/\/rv-kirrlach.com\/wp-content\/uploads\/2026\/04\/Bild-28.04.26-um-08.06-768x437.png 768w, https:\/\/rv-kirrlach.com\/wp-content\/uploads\/2026\/04\/Bild-28.04.26-um-08.06-847x482.png 847w, https:\/\/rv-kirrlach.com\/wp-content\/uploads\/2026\/04\/Bild-28.04.26-um-08.06.png 1388w\" sizes=\"auto, (max-width: 1024px) 100vw, 1024px\" \/><\/figure>\n","protected":false},"excerpt":{"rendered":"<p>Der diesj\u00e4hrige Radrenntag des RV 1898 Kirrlach am vergangenen Wochenende war ein voller Erfolg und ein echtes Highlight im regionalen Radsportkalender! Strahlender Sonnenschein: Das Wetter h\u00e4tte wirklich nicht besser mitspielen k\u00f6nnen. Herrliches Fr\u00fchlingswetter und strahlender Sonnenschein boten nicht nur perfekten Grip auf dem Asphalt, sondern lockten auch zahlreiche gut gelaunte Zuschauer an die Strecke. Packende &hellip; <\/p>\n<p><a class=\"more-link btn\" href=\"https:\/\/rv-kirrlach.com\/?p=2935\">Weiterlesen<\/a><\/p>\n","protected":false},"author":1,"featured_media":0,"comment_status":"closed","ping_status":"open","sticky":false,"template":"","format":"standard","meta":{"footnotes":"","_links_to":"","_links_to_target":""},"categories":[3],"tags":[],"class_list":["post-2935","post","type-post","status-publish","format-standard","hentry","category-rennberichte","item-wrap"],"_links":{"self":[{"href":"https:\/\/rv-kirrlach.com\/index.php?rest_route=\/wp\/v2\/posts\/2935","targetHints":{"allow":["GET"]}}],"collection":[{"href":"https:\/\/rv-kirrlach.com\/index.php?rest_route=\/wp\/v2\/posts"}],"about":[{"href":"https:\/\/rv-kirrlach.com\/index.php?rest_route=\/wp\/v2\/types\/post"}],"author":[{"embeddable":true,"href":"https:\/\/rv-kirrlach.com\/index.php?rest_route=\/wp\/v2\/users\/1"}],"replies":[{"embeddable":true,"href":"https:\/\/rv-kirrlach.com\/index.php?rest_route=%2Fwp%2Fv2%2Fcomments&post=2935"}],"version-history":[{"count":2,"href":"https:\/\/rv-kirrlach.com\/index.php?rest_route=\/wp\/v2\/posts\/2935\/revisions"}],"predecessor-version":[{"id":2943,"href":"https:\/\/rv-kirrlach.com\/index.php?rest_route=\/wp\/v2\/posts\/2935\/revisions\/2943"}],"wp:attachment":[{"href":"https:\/\/rv-kirrlach.com\/index.php?rest_route=%2Fwp%2Fv2%2Fmedia&parent=2935"}],"wp:term":[{"taxonomy":"category","embeddable":true,"href":"https:\/\/rv-kirrlach.com\/index.php?rest_route=%2Fwp%2Fv2%2Fcategories&post=2935"},{"taxonomy":"post_tag","embeddable":true,"href":"https:\/\/rv-kirrlach.com\/index.php?rest_route=%2Fwp%2Fv2%2Ftags&post=2935"}],"curies":[{"name":"wp","href":"https:\/\/api.w.org\/{rel}","templated":true}]}}