{"id":2074,"date":"2022-03-25T11:02:23","date_gmt":"2022-03-25T10:02:23","guid":{"rendered":"https:\/\/rv-kirrlach.com\/?p=2074"},"modified":"2022-03-25T11:02:24","modified_gmt":"2022-03-25T10:02:24","slug":"65-kirrlacher-radrennen-2","status":"publish","type":"post","link":"https:\/\/rv-kirrlach.com\/?p=2074","title":{"rendered":"65. Kirrlacher Radrennen"},"content":{"rendered":"\n<div>\n<p>Das traditionelle Kirrlacher Kriterium findet in diesem Jahr am 24. April statt. \u00a0<\/p>\n<\/div>\n<div>\n<p>Start und Ziel ist wie in den vergangenen Jahren in der Kaigartenallee. Auf dem schnellen Rundkurs werden die\u00a0Nachwuchsklassen U13\/U15, die Damen, die Seniorenklassen 2, 3, und 4 an den Start gehen. H\u00f6hepunkte werden die Rennen der Amateure und Elite Amateure sein.<\/p>\n<\/div>\n<div>\n<p>Das Rennen der Amateure findet unter dem Patronat von St. Hippolyt statt. \u00a0Firmeninhaber Bernd Ebert und sein Sohn Ivo, beides selbst ehemals erfolgreiche Radrennfahrer, unterst\u00fctzen den RV Kirrlach schon seit einigen Jahren, nicht nur am Renntag sondern auch sichtbar auf dem Vereinstrikot.<\/p>\n<p><img loading=\"lazy\" decoding=\"async\" class=\"alignnone size-medium wp-image-2060\" src=\"https:\/\/rv-kirrlach.com\/wp-content\/uploads\/2022\/03\/St-Hippolyt_Logo-300x106.png\" alt=\"\" width=\"300\" height=\"106\" srcset=\"https:\/\/rv-kirrlach.com\/wp-content\/uploads\/2022\/03\/St-Hippolyt_Logo-300x106.png 300w, https:\/\/rv-kirrlach.com\/wp-content\/uploads\/2022\/03\/St-Hippolyt_Logo.png 434w\" sizes=\"auto, (max-width: 300px) 100vw, 300px\" \/><\/p>\n<\/div>\n<div>\n<p>F\u00fcr das Hauptrennen der Elite Amateure zeichnet sich, wie bereits im vergangen Jahr, die Firma Spedition Schmitt als Sponsor aus. Bei dem Rennen \u00fcber 80 Runden erwarten wir wieder ein spannendes Rennen. Um die Attraktivit\u00e4t noch zu erh\u00f6hen, wird in diesem Rennen zus\u00e4tzlich noch eine Super Bar-Pr\u00e4mie in mehreren Wertungssprints ausgefahren. F\u00fcr diese Pr\u00e4mie konnten wir die Firma Optimum Sanierung &amp; Bau Gmbh gewinnen.<\/p>\n<\/div>\n<p><img loading=\"lazy\" decoding=\"async\" class=\"alignnone size-full wp-image-1929\" src=\"https:\/\/rv-kirrlach.com\/wp-content\/uploads\/2021\/09\/image.png\" alt=\"\" width=\"300\" height=\"106\" \/>\u00a0 \u00a0 \u00a0 \u00a0 \u00a0 \u00a0 \u00a0 \u00a0 \u00a0 \u00a0 \u00a0 \u00a0 \u00a0 \u00a0 \u00a0\u00a0<img loading=\"lazy\" decoding=\"async\" class=\"alignnone size-medium wp-image-2070\" src=\"https:\/\/rv-kirrlach.com\/wp-content\/uploads\/2022\/03\/cropped-Logo_Optimum_transparent-2048x585-1-300x86.png\" alt=\"\" width=\"300\" height=\"86\" srcset=\"https:\/\/rv-kirrlach.com\/wp-content\/uploads\/2022\/03\/cropped-Logo_Optimum_transparent-2048x585-1-300x86.png 300w, https:\/\/rv-kirrlach.com\/wp-content\/uploads\/2022\/03\/cropped-Logo_Optimum_transparent-2048x585-1-1024x293.png 1024w, https:\/\/rv-kirrlach.com\/wp-content\/uploads\/2022\/03\/cropped-Logo_Optimum_transparent-2048x585-1-768x219.png 768w, https:\/\/rv-kirrlach.com\/wp-content\/uploads\/2022\/03\/cropped-Logo_Optimum_transparent-2048x585-1-1536x439.png 1536w, https:\/\/rv-kirrlach.com\/wp-content\/uploads\/2022\/03\/cropped-Logo_Optimum_transparent-2048x585-1-847x242.png 847w, https:\/\/rv-kirrlach.com\/wp-content\/uploads\/2022\/03\/cropped-Logo_Optimum_transparent-2048x585-1.png 2048w\" sizes=\"auto, (max-width: 300px) 100vw, 300px\" \/><\/p>\n<p>\u00a0<\/p>\n<div>\n<p>Au\u00dferdem gibt es f\u00fcr Einsteiger der Altersklassen U11-U15 die M\u00f6glichkeit Rennluft zu schnuppern. \u00a0 \u00a0 \u00a0<\/p>\n<p>Zeitplan:\u00a0<\/p>\n<p>09.00 Uhr Start Senioren \/ Damen\u00a0<\/p>\n<p>ab 11:15 Uhr Nachwuchsklassen<\/p>\n<p>13:30 Uhr Amateure\u00a0<\/p>\n<p>14:50 Elite Amateure<\/p>\n<\/div>\n<p><img loading=\"lazy\" decoding=\"async\" class=\"alignnone size-medium wp-image-2054\" style=\"font-size: revert\" src=\"https:\/\/rv-kirrlach.com\/wp-content\/uploads\/2022\/03\/Rennen6-2-300x181.jpg\" alt=\"\" width=\"300\" height=\"181\" srcset=\"https:\/\/rv-kirrlach.com\/wp-content\/uploads\/2022\/03\/Rennen6-2-300x181.jpg 300w, https:\/\/rv-kirrlach.com\/wp-content\/uploads\/2022\/03\/Rennen6-2-1024x619.jpg 1024w, https:\/\/rv-kirrlach.com\/wp-content\/uploads\/2022\/03\/Rennen6-2-768x464.jpg 768w, https:\/\/rv-kirrlach.com\/wp-content\/uploads\/2022\/03\/Rennen6-2-847x512.jpg 847w, https:\/\/rv-kirrlach.com\/wp-content\/uploads\/2022\/03\/Rennen6-2.jpg 1280w\" sizes=\"auto, (max-width: 300px) 100vw, 300px\" \/><\/p>\n","protected":false},"excerpt":{"rendered":"","protected":false},"author":4,"featured_media":0,"comment_status":"closed","ping_status":"open","sticky":false,"template":"","format":"standard","meta":{"footnotes":"","_links_to":"","_links_to_target":""},"categories":[3],"tags":[],"class_list":["post-2074","post","type-post","status-publish","format-standard","hentry","category-rennberichte","item-wrap"],"_links":{"self":[{"href":"https:\/\/rv-kirrlach.com\/index.php?rest_route=\/wp\/v2\/posts\/2074","targetHints":{"allow":["GET"]}}],"collection":[{"href":"https:\/\/rv-kirrlach.com\/index.php?rest_route=\/wp\/v2\/posts"}],"about":[{"href":"https:\/\/rv-kirrlach.com\/index.php?rest_route=\/wp\/v2\/types\/post"}],"author":[{"embeddable":true,"href":"https:\/\/rv-kirrlach.com\/index.php?rest_route=\/wp\/v2\/users\/4"}],"replies":[{"embeddable":true,"href":"https:\/\/rv-kirrlach.com\/index.php?rest_route=%2Fwp%2Fv2%2Fcomments&post=2074"}],"version-history":[{"count":1,"href":"https:\/\/rv-kirrlach.com\/index.php?rest_route=\/wp\/v2\/posts\/2074\/revisions"}],"predecessor-version":[{"id":2075,"href":"https:\/\/rv-kirrlach.com\/index.php?rest_route=\/wp\/v2\/posts\/2074\/revisions\/2075"}],"wp:attachment":[{"href":"https:\/\/rv-kirrlach.com\/index.php?rest_route=%2Fwp%2Fv2%2Fmedia&parent=2074"}],"wp:term":[{"taxonomy":"category","embeddable":true,"href":"https:\/\/rv-kirrlach.com\/index.php?rest_route=%2Fwp%2Fv2%2Fcategories&post=2074"},{"taxonomy":"post_tag","embeddable":true,"href":"https:\/\/rv-kirrlach.com\/index.php?rest_route=%2Fwp%2Fv2%2Ftags&post=2074"}],"curies":[{"name":"wp","href":"https:\/\/api.w.org\/{rel}","templated":true}]}}