{"id":1914,"date":"2021-09-03T15:14:56","date_gmt":"2021-09-03T13:14:56","guid":{"rendered":"http:\/\/rv-kirrlach.com\/?p=1914"},"modified":"2021-09-03T15:14:58","modified_gmt":"2021-09-03T13:14:58","slug":"kirrlacher-kriterium-am-19-september-findet-statt","status":"publish","type":"post","link":"https:\/\/rv-kirrlach.com\/?p=1914","title":{"rendered":"Kirrlacher Kriterium am 19. September findet statt"},"content":{"rendered":"\n<p>Der RV Kirrlach freut sich darauf, Euch am 19. September auf dem Renngel\u00e4nde auf der Kaigartenallee in Kirrlach begr\u00fc\u00dfen zu d\u00fcrfen. Der Startschuss f\u00fcr das erste Rennen der Senioren 4 f\u00e4llt am Sonntag morgen um 9 Uhr. ES folgen die Rennen der Senioren 2, 3, Sch\u00fclerrennen U 11, U 13 und U 15 sowie um ca. 13.45 das Rennen der Amateure und gegen 15.10 Uhr das Hauptrennen der Elite &#8211; Amateure. F\u00fcr das leibliche Wohl f\u00fcr Fahrer als auch Zuschauer ist gesorgt. Ein Login auf dem Renngel\u00e4nde mit der Luca App wird m\u00f6glich sein. Die mittlerweile bekannten Abstands &#8211; und Hygieneregeln bitten wir einzuhalten.<\/p>\n<p>Wir freuen uns auf Euer zahlreiches Erscheinen.<\/p>\n<p><img loading=\"lazy\" decoding=\"async\" class=\"size-medium wp-image-1915 alignleft\" src=\"https:\/\/rv-kirrlach.com\/wp-content\/uploads\/2021\/09\/cyclist-239123-218x300.jpg\" alt=\"\" width=\"218\" height=\"300\" srcset=\"https:\/\/rv-kirrlach.com\/wp-content\/uploads\/2021\/09\/cyclist-239123-218x300.jpg 218w, https:\/\/rv-kirrlach.com\/wp-content\/uploads\/2021\/09\/cyclist-239123.jpg 309w\" sizes=\"auto, (max-width: 218px) 100vw, 218px\" \/><\/p>\n","protected":false},"excerpt":{"rendered":"","protected":false},"author":1,"featured_media":0,"comment_status":"closed","ping_status":"open","sticky":false,"template":"","format":"standard","meta":{"footnotes":"","_links_to":"","_links_to_target":""},"categories":[3],"tags":[],"class_list":["post-1914","post","type-post","status-publish","format-standard","hentry","category-rennberichte","item-wrap"],"_links":{"self":[{"href":"https:\/\/rv-kirrlach.com\/index.php?rest_route=\/wp\/v2\/posts\/1914","targetHints":{"allow":["GET"]}}],"collection":[{"href":"https:\/\/rv-kirrlach.com\/index.php?rest_route=\/wp\/v2\/posts"}],"about":[{"href":"https:\/\/rv-kirrlach.com\/index.php?rest_route=\/wp\/v2\/types\/post"}],"author":[{"embeddable":true,"href":"https:\/\/rv-kirrlach.com\/index.php?rest_route=\/wp\/v2\/users\/1"}],"replies":[{"embeddable":true,"href":"https:\/\/rv-kirrlach.com\/index.php?rest_route=%2Fwp%2Fv2%2Fcomments&post=1914"}],"version-history":[{"count":1,"href":"https:\/\/rv-kirrlach.com\/index.php?rest_route=\/wp\/v2\/posts\/1914\/revisions"}],"predecessor-version":[{"id":1916,"href":"https:\/\/rv-kirrlach.com\/index.php?rest_route=\/wp\/v2\/posts\/1914\/revisions\/1916"}],"wp:attachment":[{"href":"https:\/\/rv-kirrlach.com\/index.php?rest_route=%2Fwp%2Fv2%2Fmedia&parent=1914"}],"wp:term":[{"taxonomy":"category","embeddable":true,"href":"https:\/\/rv-kirrlach.com\/index.php?rest_route=%2Fwp%2Fv2%2Fcategories&post=1914"},{"taxonomy":"post_tag","embeddable":true,"href":"https:\/\/rv-kirrlach.com\/index.php?rest_route=%2Fwp%2Fv2%2Ftags&post=1914"}],"curies":[{"name":"wp","href":"https:\/\/api.w.org\/{rel}","templated":true}]}}