{"id":1630,"date":"2019-11-15T09:17:31","date_gmt":"2019-11-15T08:17:31","guid":{"rendered":"http:\/\/rv-kirrlach.com\/?p=1630"},"modified":"2019-11-15T09:17:33","modified_gmt":"2019-11-15T08:17:33","slug":"berglauf-neckargemuend","status":"publish","type":"post","link":"https:\/\/rv-kirrlach.com\/?p=1630","title":{"rendered":"Berglauf Neckargem\u00fcnd"},"content":{"rendered":"\n<figure class=\"wp-block-image\"><img loading=\"lazy\" decoding=\"async\" width=\"1024\" height=\"768\" src=\"https:\/\/rv-kirrlach.com\/wp-content\/uploads\/2019\/11\/Neckargem\u00fcnd_2019-1024x768.jpg\" alt=\"\" class=\"wp-image-1631\" srcset=\"https:\/\/rv-kirrlach.com\/wp-content\/uploads\/2019\/11\/Neckargem\u00fcnd_2019-1024x768.jpg 1024w, https:\/\/rv-kirrlach.com\/wp-content\/uploads\/2019\/11\/Neckargem\u00fcnd_2019-300x225.jpg 300w, https:\/\/rv-kirrlach.com\/wp-content\/uploads\/2019\/11\/Neckargem\u00fcnd_2019-768x576.jpg 768w\" sizes=\"auto, (max-width: 1024px) 100vw, 1024px\" \/><\/figure>\n\n\n\n<figure class=\"wp-block-image\"><img loading=\"lazy\" decoding=\"async\" width=\"1024\" height=\"683\" src=\"https:\/\/rv-kirrlach.com\/wp-content\/uploads\/2019\/11\/Neckargem\u00fcnd_2019_2-1024x683.jpg\" alt=\"\" class=\"wp-image-1632\" srcset=\"https:\/\/rv-kirrlach.com\/wp-content\/uploads\/2019\/11\/Neckargem\u00fcnd_2019_2-1024x683.jpg 1024w, https:\/\/rv-kirrlach.com\/wp-content\/uploads\/2019\/11\/Neckargem\u00fcnd_2019_2-300x200.jpg 300w, https:\/\/rv-kirrlach.com\/wp-content\/uploads\/2019\/11\/Neckargem\u00fcnd_2019_2-768x512.jpg 768w\" sizes=\"auto, (max-width: 1024px) 100vw, 1024px\" \/><\/figure>\n\n\n\n<figure class=\"wp-block-image\"><img loading=\"lazy\" decoding=\"async\" width=\"1024\" height=\"683\" src=\"https:\/\/rv-kirrlach.com\/wp-content\/uploads\/2019\/11\/Neckargem\u00fcnd_2019_3-1024x683.jpg\" alt=\"\" class=\"wp-image-1633\" srcset=\"https:\/\/rv-kirrlach.com\/wp-content\/uploads\/2019\/11\/Neckargem\u00fcnd_2019_3-1024x683.jpg 1024w, https:\/\/rv-kirrlach.com\/wp-content\/uploads\/2019\/11\/Neckargem\u00fcnd_2019_3-300x200.jpg 300w, https:\/\/rv-kirrlach.com\/wp-content\/uploads\/2019\/11\/Neckargem\u00fcnd_2019_3-768x512.jpg 768w\" sizes=\"auto, (max-width: 1024px) 100vw, 1024px\" \/><\/figure>\n\n\n\n<figure class=\"wp-block-image\"><img loading=\"lazy\" decoding=\"async\" width=\"1024\" height=\"683\" src=\"https:\/\/rv-kirrlach.com\/wp-content\/uploads\/2019\/11\/Neckargem\u00fcnd_2019_4-1024x683.jpg\" alt=\"\" class=\"wp-image-1634\" srcset=\"https:\/\/rv-kirrlach.com\/wp-content\/uploads\/2019\/11\/Neckargem\u00fcnd_2019_4-1024x683.jpg 1024w, https:\/\/rv-kirrlach.com\/wp-content\/uploads\/2019\/11\/Neckargem\u00fcnd_2019_4-300x200.jpg 300w, https:\/\/rv-kirrlach.com\/wp-content\/uploads\/2019\/11\/Neckargem\u00fcnd_2019_4-768x512.jpg 768w\" sizes=\"auto, (max-width: 1024px) 100vw, 1024px\" \/><\/figure>\n\n\n\n<figure class=\"wp-block-image\"><img loading=\"lazy\" decoding=\"async\" width=\"1024\" height=\"683\" src=\"https:\/\/rv-kirrlach.com\/wp-content\/uploads\/2019\/11\/Neckargem\u00fcnd_2019_5-1024x683.jpg\" alt=\"\" class=\"wp-image-1635\" srcset=\"https:\/\/rv-kirrlach.com\/wp-content\/uploads\/2019\/11\/Neckargem\u00fcnd_2019_5-1024x683.jpg 1024w, https:\/\/rv-kirrlach.com\/wp-content\/uploads\/2019\/11\/Neckargem\u00fcnd_2019_5-300x200.jpg 300w, https:\/\/rv-kirrlach.com\/wp-content\/uploads\/2019\/11\/Neckargem\u00fcnd_2019_5-768x512.jpg 768w\" sizes=\"auto, (max-width: 1024px) 100vw, 1024px\" \/><\/figure>\n\n\n\n<p><\/p>\n\n\n\n<p>Am letzten Samstag machten sich wieder einige Mitglieder und Freunde unseres Vereins auf nach Neckargem\u00fcnd. 2 Teams und 3 Einzelstarter wollten wieder einmal unter Wettkampfbedingungen den K\u00f6nigsstuhl bezwingen. Nach Regenf\u00e4llen am Vortag, waren alle gespannt was uns beim Wettkampf erwartet. Und so war es, unten im Tal Windstille und oben auf 560 Metern H\u00f6he wehte ein kalter Westwind. Die Strecke war vom vielen Regen noch nicht abgetrocknet und so war Vorsicht f\u00fcr alle L\u00e4ufer und Radfahrer geboten. Um 14 Uhr starteten die Rennfahrer und um 14:15 Uhr die L\u00e4ufer. Mit Spannung erwarteten unsere Betreuer unsere beiden Crossbiker und L\u00e4ufer am Ziel. Unsere L\u00e4uferin Heike und ihre 6 Mitstreiter wurden dann auch mit reichlich Beifall von den Zuschauern auf der gesamten Strecke unterst\u00fctzt. F\u00fcr Heike war es der 1. Berglauf, sie war begeistert und wir freuen uns \u00fcber ihre gute Leistung. Und jetzt die Ergebnisse f\u00fcr die 11,8 km und die 450 H\u00f6henmeter auf \u00fcberwiegend geschotterten Waldwegen, die mit herbstlichem Laub geschm\u00fcckt waren. Teamwertung: Heike und Federico Platz 9 im Mixed, Philipp und Nico Platz 13 bei den M\u00e4nnern (Die Laufzeit wird mit der Fahrzeit addiert). Lauf: Heike Platz 7 in 1:14:12 Std., Philipp Platz 7 in 0:53:57 Std., Sebastian Platz 20 in 0:59:30 Std., Daniel Platz 28 in 0:59:40 Std., Klaus Platz 28 in 1:04:55 Std. (Jeder in seiner Altersklasse) Bike: Nico auf Platz 30 in 0:38:21 Std. und Federico Platz 9 in 0:32:11 Std. Wir gratulieren und w\u00fcnschen weiterhin erfolgreiche Starts schon beim n\u00e4chsten Lauf auf den Kalmit (8,1 km, 505 H\u00f6henmeter).<\/p>\n","protected":false},"excerpt":{"rendered":"<p>Am letzten Samstag machten sich wieder einige Mitglieder und Freunde unseres Vereins auf nach Neckargem\u00fcnd. 2 Teams und 3 Einzelstarter wollten wieder einmal unter Wettkampfbedingungen den K\u00f6nigsstuhl bezwingen. Nach Regenf\u00e4llen am Vortag, waren alle gespannt was uns beim Wettkampf erwartet. Und so war es, unten im Tal Windstille und oben auf 560 Metern H\u00f6he wehte &hellip; <\/p>\n<p><a class=\"more-link btn\" href=\"https:\/\/rv-kirrlach.com\/?p=1630\">Weiterlesen<\/a><\/p>\n","protected":false},"author":1,"featured_media":0,"comment_status":"closed","ping_status":"open","sticky":false,"template":"","format":"standard","meta":{"footnotes":"","_links_to":"","_links_to_target":""},"categories":[3],"tags":[],"class_list":["post-1630","post","type-post","status-publish","format-standard","hentry","category-rennberichte","item-wrap"],"_links":{"self":[{"href":"https:\/\/rv-kirrlach.com\/index.php?rest_route=\/wp\/v2\/posts\/1630","targetHints":{"allow":["GET"]}}],"collection":[{"href":"https:\/\/rv-kirrlach.com\/index.php?rest_route=\/wp\/v2\/posts"}],"about":[{"href":"https:\/\/rv-kirrlach.com\/index.php?rest_route=\/wp\/v2\/types\/post"}],"author":[{"embeddable":true,"href":"https:\/\/rv-kirrlach.com\/index.php?rest_route=\/wp\/v2\/users\/1"}],"replies":[{"embeddable":true,"href":"https:\/\/rv-kirrlach.com\/index.php?rest_route=%2Fwp%2Fv2%2Fcomments&post=1630"}],"version-history":[{"count":2,"href":"https:\/\/rv-kirrlach.com\/index.php?rest_route=\/wp\/v2\/posts\/1630\/revisions"}],"predecessor-version":[{"id":1637,"href":"https:\/\/rv-kirrlach.com\/index.php?rest_route=\/wp\/v2\/posts\/1630\/revisions\/1637"}],"wp:attachment":[{"href":"https:\/\/rv-kirrlach.com\/index.php?rest_route=%2Fwp%2Fv2%2Fmedia&parent=1630"}],"wp:term":[{"taxonomy":"category","embeddable":true,"href":"https:\/\/rv-kirrlach.com\/index.php?rest_route=%2Fwp%2Fv2%2Fcategories&post=1630"},{"taxonomy":"post_tag","embeddable":true,"href":"https:\/\/rv-kirrlach.com\/index.php?rest_route=%2Fwp%2Fv2%2Ftags&post=1630"}],"curies":[{"name":"wp","href":"https:\/\/api.w.org\/{rel}","templated":true}]}}